{"id":90,"date":"2025-02-27T15:32:15","date_gmt":"2025-02-27T15:32:15","guid":{"rendered":"https:\/\/baldiosgeres.pt\/jornadascarvalhos\/?p=90"},"modified":"2025-03-05T05:10:17","modified_gmt":"2025-03-05T05:10:17","slug":"joao-brandao-rodrigues","status":"publish","type":"post","link":"https:\/\/baldiosgeres.pt\/jornadascarvalhos\/oradores\/joao-brandao-rodrigues\/","title":{"rendered":"Jo\u00e3o Brand\u00e3o Rodrigues"},"content":{"rendered":"[vc_row type=&#8221;in_container&#8221; full_screen_row_position=&#8221;middle&#8221; column_margin=&#8221;default&#8221; column_direction=&#8221;default&#8221; column_direction_tablet=&#8221;default&#8221; column_direction_phone=&#8221;default&#8221; scene_position=&#8221;center&#8221; text_color=&#8221;dark&#8221; text_align=&#8221;left&#8221; row_border_radius=&#8221;none&#8221; row_border_radius_applies=&#8221;bg&#8221; overflow=&#8221;visible&#8221; overlay_strength=&#8221;0.3&#8243; gradient_direction=&#8221;left_to_right&#8221; shape_divider_position=&#8221;bottom&#8221; bg_image_animation=&#8221;none&#8221;][vc_column column_padding=&#8221;no-extra-padding&#8221; column_padding_tablet=&#8221;inherit&#8221; column_padding_phone=&#8221;inherit&#8221; column_padding_position=&#8221;all&#8221; column_element_direction_desktop=&#8221;default&#8221; column_element_spacing=&#8221;default&#8221; desktop_text_alignment=&#8221;default&#8221; tablet_text_alignment=&#8221;default&#8221; phone_text_alignment=&#8221;default&#8221; background_color_opacity=&#8221;1&#8243; background_hover_color_opacity=&#8221;1&#8243; column_backdrop_filter=&#8221;none&#8221; column_shadow=&#8221;none&#8221; column_border_radius=&#8221;none&#8221; column_link_target=&#8221;_self&#8221; column_position=&#8221;default&#8221; gradient_direction=&#8221;left_to_right&#8221; overlay_strength=&#8221;0.3&#8243; width=&#8221;1\/1&#8243; tablet_width_inherit=&#8221;default&#8221; animation_type=&#8221;default&#8221; bg_image_animation=&#8221;none&#8221; border_type=&#8221;simple&#8221; column_border_width=&#8221;none&#8221; column_border_style=&#8221;solid&#8221;][vc_column_text css=&#8221;&#8221; el_class=&#8221;eco-orador-p&#8221; text_direction=&#8221;default&#8221;]Jo\u00e3o Brand\u00e3o Rodrigues \u00e9 M\u00e9dico Veterin\u00e1rio e especialista em equ\u00eddeos de trabalho. Trabalha atualmente para a funda\u00e7\u00e3o brit\u00e2nica The Donkey Sanctuary, sendo respons\u00e1vel por v\u00e1rios projetos t\u00e9cnico-cient\u00edficos e educativos em v\u00e1rias partes do mundo. Autor de in\u00fameros trabalhos cient\u00edficos e livros na sua \u00e1rea de especializa\u00e7\u00e3o \u00e9 S\u00f3cio Fundador e Presidente da APTRAN \u2013 Associa\u00e7\u00e3o Portuguesa de Tra\u00e7\u00e3o Animal onde promove ativamente a utiliza\u00e7\u00e3o da tra\u00e7\u00e3o animal moderna como op\u00e7\u00e3o eficaz na gest\u00e3o agro-florestal sustent\u00e1vel.[\/vc_column_text][\/vc_column][\/vc_row][vc_row type=&#8221;in_container&#8221; full_screen_row_position=&#8221;middle&#8221; column_margin=&#8221;default&#8221; column_direction=&#8221;default&#8221; column_direction_tablet=&#8221;default&#8221; column_direction_phone=&#8221;default&#8221; scene_position=&#8221;center&#8221; text_color=&#8221;dark&#8221; text_align=&#8221;left&#8221; row_border_radius=&#8221;none&#8221; row_border_radius_applies=&#8221;bg&#8221; overflow=&#8221;visible&#8221; overlay_strength=&#8221;0.3&#8243; gradient_direction=&#8221;left_to_right&#8221; shape_divider_position=&#8221;bottom&#8221; bg_image_animation=&#8221;none&#8221;][vc_column column_padding=&#8221;no-extra-padding&#8221; column_padding_tablet=&#8221;inherit&#8221; column_padding_phone=&#8221;inherit&#8221; column_padding_position=&#8221;all&#8221; column_element_direction_desktop=&#8221;default&#8221; column_element_spacing=&#8221;default&#8221; desktop_text_alignment=&#8221;default&#8221; tablet_text_alignment=&#8221;default&#8221; phone_text_alignment=&#8221;default&#8221; background_color_opacity=&#8221;1&#8243; background_hover_color_opacity=&#8221;1&#8243; column_backdrop_filter=&#8221;none&#8221; column_shadow=&#8221;none&#8221; column_border_radius=&#8221;none&#8221; column_link_target=&#8221;_self&#8221; column_position=&#8221;default&#8221; gradient_direction=&#8221;left_to_right&#8221; overlay_strength=&#8221;0.3&#8243; width=&#8221;1\/1&#8243; tablet_width_inherit=&#8221;default&#8221; animation_type=&#8221;default&#8221; bg_image_animation=&#8221;none&#8221; border_type=&#8221;simple&#8221; column_border_width=&#8221;none&#8221; column_border_style=&#8221;solid&#8221;][vc_column_text css=&#8221;&#8221; el_class=&#8221;eco-orador-titulo&#8221; text_direction=&#8221;default&#8221;]\n<h2>T\u00edtulo da Comunica\u00e7\u00e3o<\/h2>\n[\/vc_column_text][vc_column_text css=&#8221;&#8221; el_class=&#8221;eco-orador-titulo&#8221; text_direction=&#8221;default&#8221;]Trac\u00e7\u00e3o animal \u2013 demonstra\u00e7\u00e3o de pr\u00e1tica de rechega em \u00e1reas sens\u00edveis[\/vc_column_text][\/vc_column][\/vc_row][vc_row type=&#8221;in_container&#8221; full_screen_row_position=&#8221;middle&#8221; column_margin=&#8221;default&#8221; column_direction=&#8221;default&#8221; column_direction_tablet=&#8221;default&#8221; column_direction_phone=&#8221;default&#8221; scene_position=&#8221;center&#8221; text_color=&#8221;dark&#8221; text_align=&#8221;left&#8221; row_border_radius=&#8221;none&#8221; row_border_radius_applies=&#8221;bg&#8221; overflow=&#8221;visible&#8221; disable_element=&#8221;yes&#8221; overlay_strength=&#8221;0.3&#8243; gradient_direction=&#8221;left_to_right&#8221; shape_divider_position=&#8221;bottom&#8221; bg_image_animation=&#8221;none&#8221; gradient_type=&#8221;default&#8221; shape_type=&#8221;&#8221;][vc_column column_padding=&#8221;no-extra-padding&#8221; column_padding_tablet=&#8221;inherit&#8221; column_padding_phone=&#8221;inherit&#8221; column_padding_position=&#8221;all&#8221; column_element_direction_desktop=&#8221;default&#8221; column_element_spacing=&#8221;default&#8221; desktop_text_alignment=&#8221;default&#8221; tablet_text_alignment=&#8221;default&#8221; phone_text_alignment=&#8221;default&#8221; background_color_opacity=&#8221;1&#8243; background_hover_color_opacity=&#8221;1&#8243; column_backdrop_filter=&#8221;none&#8221; column_shadow=&#8221;none&#8221; column_border_radius=&#8221;none&#8221; column_link_target=&#8221;_self&#8221; column_position=&#8221;default&#8221; gradient_direction=&#8221;left_to_right&#8221; overlay_strength=&#8221;0.3&#8243; width=&#8221;1\/1&#8243; tablet_width_inherit=&#8221;default&#8221; animation_type=&#8221;default&#8221; bg_image_animation=&#8221;none&#8221; border_type=&#8221;simple&#8221; column_border_width=&#8221;none&#8221; column_border_style=&#8221;solid&#8221;][\/vc_column][\/vc_row]\n","protected":false},"excerpt":{"rendered":"<p>APTRAN <\/p>\n","protected":false},"author":2,"featured_media":41,"comment_status":"closed","ping_status":"closed","sticky":false,"template":"","format":"quote","meta":{"inline_featured_image":false,"footnotes":""},"categories":[3],"tags":[],"class_list":{"0":"post-90","1":"post","2":"type-post","3":"status-publish","4":"format-quote","5":"has-post-thumbnail","7":"category-oradores","8":"post_format-post-format-quote"},"_links":{"self":[{"href":"https:\/\/baldiosgeres.pt\/jornadascarvalhos\/wp-json\/wp\/v2\/posts\/90","targetHints":{"allow":["GET"]}}],"collection":[{"href":"https:\/\/baldiosgeres.pt\/jornadascarvalhos\/wp-json\/wp\/v2\/posts"}],"about":[{"href":"https:\/\/baldiosgeres.pt\/jornadascarvalhos\/wp-json\/wp\/v2\/types\/post"}],"author":[{"embeddable":true,"href":"https:\/\/baldiosgeres.pt\/jornadascarvalhos\/wp-json\/wp\/v2\/users\/2"}],"replies":[{"embeddable":true,"href":"https:\/\/baldiosgeres.pt\/jornadascarvalhos\/wp-json\/wp\/v2\/comments?post=90"}],"version-history":[{"count":0,"href":"https:\/\/baldiosgeres.pt\/jornadascarvalhos\/wp-json\/wp\/v2\/posts\/90\/revisions"}],"wp:featuredmedia":[{"embeddable":true,"href":"https:\/\/baldiosgeres.pt\/jornadascarvalhos\/wp-json\/wp\/v2\/media\/41"}],"wp:attachment":[{"href":"https:\/\/baldiosgeres.pt\/jornadascarvalhos\/wp-json\/wp\/v2\/media?parent=90"}],"wp:term":[{"taxonomy":"category","embeddable":true,"href":"https:\/\/baldiosgeres.pt\/jornadascarvalhos\/wp-json\/wp\/v2\/categories?post=90"},{"taxonomy":"post_tag","embeddable":true,"href":"https:\/\/baldiosgeres.pt\/jornadascarvalhos\/wp-json\/wp\/v2\/tags?post=90"}],"curies":[{"name":"wp","href":"https:\/\/api.w.org\/{rel}","templated":true}]}}